{"id":3846,"date":"2023-10-12T09:28:16","date_gmt":"2023-10-12T09:28:16","guid":{"rendered":"https:\/\/cotecda.de\/?p=3846"},"modified":"2023-10-12T09:28:18","modified_gmt":"2023-10-12T09:28:18","slug":"expo-real-2023","status":"publish","type":"post","link":"https:\/\/cotecda.de\/en\/expo-real-2023","title":{"rendered":"EXPO REAL 2023 offers the industry room for reorientation"},"content":{"rendered":"<p>Quo vadis, real estate industry? Undoubtedly one of the questions to which visitors to this year's EXPO REAL were looking for answers - and found them. A total of 1,856 exhibitors from 36 countries and more than 40,000 participants from 70 countries came to Europe's largest trade fair for real estate and investment in Munich from October 4 to 6, 2023. The total number of participants was divided into almost 20,000 trade visitors and 20,312 company representatives. <\/p>\n\n\n\n<p>\u201cThis year in particular, EXPO REAL has once again proven that it is the industry's working trade fair and offers a platform for discussing existing challenges, solutions and opportunities,\u201d says Stefan Rummel, CEO of Messe M\u00fcnchen. \u201cThe real estate industry is facing one of the toughest times in a long time. Rising interest rates, stagnating construction projects, inflation - the problems are manifold. For precisely these reasons, the participants here in Munich spent three days exchanging ideas and engaging in discussions.\u201d<\/p>\n\n\n\n<p>Just how great the need for discussion was was also evident in the well-attended conference programme, in which not only ESG, digitalization, urban development and demographic change, but also topics such as housing construction and (re)financing were discussed, in some cases critically.<\/p>\n\n\n\n<p>The Cotecda team was also strongly represented again at this year's EXPO REAL. \u201cWith Cotecda's broad range of services, we are very well equipped even in these difficult times for the industry. Our range of interim management services in particular is currently in high demand,\u201d says Carsten Wesner, Managing Partner of Cotecda.<\/p>\n\n\n\n<p><\/p>","protected":false},"excerpt":{"rendered":"<p>Quo vadis, Immobilienbranche? Zweifelsfrei eine der Fragen, auf die die Besucher der diesj\u00e4hrigen EXPO REAL Antworten suchten \u2013 und auch fanden. Insgesamt 1.856 Aussteller aus 36 L\u00e4ndern und mehr als 40.000 Teilnehmer aus 70 L\u00e4ndern kamen von 4. bis 6. Oktober 2023 zu Europas gr\u00f6\u00dfter Messe f\u00fcr Immobilien und Investitionen nach M\u00fcnchen. Die Gesamtteilnehmerzahl unterteilte [&hellip;]<\/p>\n","protected":false},"author":1,"featured_media":3847,"comment_status":"closed","ping_status":"closed","sticky":false,"template":"","format":"standard","meta":{"site-sidebar-layout":"default","site-content-layout":"","ast-site-content-layout":"default","site-content-style":"default","site-sidebar-style":"default","ast-global-header-display":"","ast-banner-title-visibility":"","ast-main-header-display":"","ast-hfb-above-header-display":"","ast-hfb-below-header-display":"","ast-hfb-mobile-header-display":"","site-post-title":"","ast-breadcrumbs-content":"","ast-featured-img":"","footer-sml-layout":"","theme-transparent-header-meta":"","adv-header-id-meta":"","stick-header-meta":"","header-above-stick-meta":"","header-main-stick-meta":"","header-below-stick-meta":"","astra-migrate-meta-layouts":"default","ast-page-background-enabled":"default","ast-page-background-meta":{"desktop":{"background-color":"","background-image":"","background-repeat":"repeat","background-position":"center center","background-size":"auto","background-attachment":"scroll","background-type":"","background-media":"","overlay-type":"","overlay-color":"","overlay-opacity":"","overlay-gradient":""},"tablet":{"background-color":"","background-image":"","background-repeat":"repeat","background-position":"center center","background-size":"auto","background-attachment":"scroll","background-type":"","background-media":"","overlay-type":"","overlay-color":"","overlay-opacity":"","overlay-gradient":""},"mobile":{"background-color":"","background-image":"","background-repeat":"repeat","background-position":"center center","background-size":"auto","background-attachment":"scroll","background-type":"","background-media":"","overlay-type":"","overlay-color":"","overlay-opacity":"","overlay-gradient":""}},"ast-content-background-meta":{"desktop":{"background-color":"var(--ast-global-color-5)","background-image":"","background-repeat":"repeat","background-position":"center center","background-size":"auto","background-attachment":"scroll","background-type":"","background-media":"","overlay-type":"","overlay-color":"","overlay-opacity":"","overlay-gradient":""},"tablet":{"background-color":"var(--ast-global-color-5)","background-image":"","background-repeat":"repeat","background-position":"center center","background-size":"auto","background-attachment":"scroll","background-type":"","background-media":"","overlay-type":"","overlay-color":"","overlay-opacity":"","overlay-gradient":""},"mobile":{"background-color":"var(--ast-global-color-5)","background-image":"","background-repeat":"repeat","background-position":"center center","background-size":"auto","background-attachment":"scroll","background-type":"","background-media":"","overlay-type":"","overlay-color":"","overlay-opacity":"","overlay-gradient":""}},"footnotes":""},"categories":[1],"tags":[],"class_list":["post-3846","post","type-post","status-publish","format-standard","has-post-thumbnail","hentry","category-cotecda"],"yoast_head":"<!-- This site is optimized with the Yoast SEO plugin v27.4 - https:\/\/yoast.com\/product\/yoast-seo-wordpress\/ -->\n<title>EXPO REAL 2023 bietet der Branche Raum f\u00fcr Neuorientierung - Cotecda<\/title>\n<meta name=\"description\" content=\"Quo vadis, Immobilienbranche? Zweifelsfrei eine der Fragen, auf die die Besucher der diesj\u00e4hrigen EXPO REAL Antworten suchten \u2013 und auch fanden.\" \/>\n<meta name=\"robots\" content=\"index, follow, max-snippet:-1, max-image-preview:large, max-video-preview:-1\" \/>\n<link rel=\"canonical\" href=\"https:\/\/cotecda.de\/en\/expo-real-2023\/\" \/>\n<meta property=\"og:locale\" content=\"en_US\" \/>\n<meta property=\"og:type\" content=\"article\" \/>\n<meta property=\"og:title\" content=\"EXPO REAL 2023 bietet der Branche Raum f\u00fcr Neuorientierung - Cotecda\" \/>\n<meta property=\"og:description\" content=\"Quo vadis, Immobilienbranche? Zweifelsfrei eine der Fragen, auf die die Besucher der diesj\u00e4hrigen EXPO REAL Antworten suchten \u2013 und auch fanden.\" \/>\n<meta property=\"og:url\" content=\"https:\/\/cotecda.de\/en\/expo-real-2023\/\" \/>\n<meta property=\"og:site_name\" content=\"Cotecda\" \/>\n<meta property=\"article:published_time\" content=\"2023-10-12T09:28:16+00:00\" \/>\n<meta property=\"article:modified_time\" content=\"2023-10-12T09:28:18+00:00\" \/>\n<meta property=\"og:image\" content=\"https:\/\/cotecda.de\/wp-content\/uploads\/2023\/10\/exr_pr_2023_10_Eingang-scaled.jpg\" \/>\n\t<meta property=\"og:image:width\" content=\"2560\" \/>\n\t<meta property=\"og:image:height\" content=\"1718\" \/>\n\t<meta property=\"og:image:type\" content=\"image\/jpeg\" \/>\n<meta name=\"author\" content=\"Cotecda\" \/>\n<meta name=\"twitter:card\" content=\"summary_large_image\" \/>\n<meta name=\"twitter:label1\" content=\"Written by\" \/>\n\t<meta name=\"twitter:data1\" content=\"Cotecda\" \/>\n\t<meta name=\"twitter:label2\" content=\"Est. reading time\" \/>\n\t<meta name=\"twitter:data2\" content=\"2 minutes\" \/>\n<script type=\"application\/ld+json\" class=\"yoast-schema-graph\">{\"@context\":\"https:\\\/\\\/schema.org\",\"@graph\":[{\"@type\":\"Article\",\"@id\":\"https:\\\/\\\/cotecda.de\\\/expo-real-2023#article\",\"isPartOf\":{\"@id\":\"https:\\\/\\\/cotecda.de\\\/expo-real-2023\"},\"author\":{\"name\":\"Cotecda\",\"@id\":\"https:\\\/\\\/cotecda.de\\\/#\\\/schema\\\/person\\\/1f0999284be9214f7aa9a36693655bdd\"},\"headline\":\"EXPO REAL 2023 bietet der Branche Raum f\u00fcr Neuorientierung\",\"datePublished\":\"2023-10-12T09:28:16+00:00\",\"dateModified\":\"2023-10-12T09:28:18+00:00\",\"mainEntityOfPage\":{\"@id\":\"https:\\\/\\\/cotecda.de\\\/expo-real-2023\"},\"wordCount\":241,\"publisher\":{\"@id\":\"https:\\\/\\\/cotecda.de\\\/#organization\"},\"image\":{\"@id\":\"https:\\\/\\\/cotecda.de\\\/expo-real-2023#primaryimage\"},\"thumbnailUrl\":\"https:\\\/\\\/cotecda.de\\\/wp-content\\\/uploads\\\/2023\\\/10\\\/exr_pr_2023_10_Eingang-scaled.jpg\",\"articleSection\":[\"Cotecda\"],\"inLanguage\":\"en-US\"},{\"@type\":\"WebPage\",\"@id\":\"https:\\\/\\\/cotecda.de\\\/expo-real-2023\",\"url\":\"https:\\\/\\\/cotecda.de\\\/expo-real-2023\",\"name\":\"EXPO REAL 2023 bietet der Branche Raum f\u00fcr Neuorientierung - Cotecda\",\"isPartOf\":{\"@id\":\"https:\\\/\\\/cotecda.de\\\/#website\"},\"primaryImageOfPage\":{\"@id\":\"https:\\\/\\\/cotecda.de\\\/expo-real-2023#primaryimage\"},\"image\":{\"@id\":\"https:\\\/\\\/cotecda.de\\\/expo-real-2023#primaryimage\"},\"thumbnailUrl\":\"https:\\\/\\\/cotecda.de\\\/wp-content\\\/uploads\\\/2023\\\/10\\\/exr_pr_2023_10_Eingang-scaled.jpg\",\"datePublished\":\"2023-10-12T09:28:16+00:00\",\"dateModified\":\"2023-10-12T09:28:18+00:00\",\"description\":\"Quo vadis, Immobilienbranche? Zweifelsfrei eine der Fragen, auf die die Besucher der diesj\u00e4hrigen EXPO REAL Antworten suchten \u2013 und auch fanden.\",\"breadcrumb\":{\"@id\":\"https:\\\/\\\/cotecda.de\\\/expo-real-2023#breadcrumb\"},\"inLanguage\":\"en-US\",\"potentialAction\":[{\"@type\":\"ReadAction\",\"target\":[\"https:\\\/\\\/cotecda.de\\\/expo-real-2023\"]}]},{\"@type\":\"ImageObject\",\"inLanguage\":\"en-US\",\"@id\":\"https:\\\/\\\/cotecda.de\\\/expo-real-2023#primaryimage\",\"url\":\"https:\\\/\\\/cotecda.de\\\/wp-content\\\/uploads\\\/2023\\\/10\\\/exr_pr_2023_10_Eingang-scaled.jpg\",\"contentUrl\":\"https:\\\/\\\/cotecda.de\\\/wp-content\\\/uploads\\\/2023\\\/10\\\/exr_pr_2023_10_Eingang-scaled.jpg\",\"width\":2560,\"height\":1718,\"caption\":\"2023, EXPO REAL, Immobilien, Immobilienbranche, Immobilienwirtschaft, Internationale Fachmesse, Internationale Plattform, Investition, Messe M\u00fcnchen, Messegel\u00e4nde M\u00fcnchen, M\u00fcnchen, Oktober 2023, Tag 1, Thomas Plettenberg\"},{\"@type\":\"BreadcrumbList\",\"@id\":\"https:\\\/\\\/cotecda.de\\\/expo-real-2023#breadcrumb\",\"itemListElement\":[{\"@type\":\"ListItem\",\"position\":1,\"name\":\"Startseite\",\"item\":\"https:\\\/\\\/cotecda.de\\\/\"},{\"@type\":\"ListItem\",\"position\":2,\"name\":\"EXPO REAL 2023 bietet der Branche Raum f\u00fcr Neuorientierung\"}]},{\"@type\":\"WebSite\",\"@id\":\"https:\\\/\\\/cotecda.de\\\/#website\",\"url\":\"https:\\\/\\\/cotecda.de\\\/\",\"name\":\"Cotecda\",\"description\":\"Real Estate Support\",\"publisher\":{\"@id\":\"https:\\\/\\\/cotecda.de\\\/#organization\"},\"potentialAction\":[{\"@type\":\"SearchAction\",\"target\":{\"@type\":\"EntryPoint\",\"urlTemplate\":\"https:\\\/\\\/cotecda.de\\\/?s={search_term_string}\"},\"query-input\":{\"@type\":\"PropertyValueSpecification\",\"valueRequired\":true,\"valueName\":\"search_term_string\"}}],\"inLanguage\":\"en-US\"},{\"@type\":\"Organization\",\"@id\":\"https:\\\/\\\/cotecda.de\\\/#organization\",\"name\":\"Cotecda\",\"url\":\"https:\\\/\\\/cotecda.de\\\/\",\"logo\":{\"@type\":\"ImageObject\",\"inLanguage\":\"en-US\",\"@id\":\"https:\\\/\\\/cotecda.de\\\/#\\\/schema\\\/logo\\\/image\\\/\",\"url\":\"https:\\\/\\\/cotecda.de\\\/wp-content\\\/uploads\\\/2022\\\/01\\\/cropped-Cotecda_RES.png\",\"contentUrl\":\"https:\\\/\\\/cotecda.de\\\/wp-content\\\/uploads\\\/2022\\\/01\\\/cropped-Cotecda_RES.png\",\"width\":1327,\"height\":500,\"caption\":\"Cotecda\"},\"image\":{\"@id\":\"https:\\\/\\\/cotecda.de\\\/#\\\/schema\\\/logo\\\/image\\\/\"}},{\"@type\":\"Person\",\"@id\":\"https:\\\/\\\/cotecda.de\\\/#\\\/schema\\\/person\\\/1f0999284be9214f7aa9a36693655bdd\",\"name\":\"Cotecda\",\"url\":\"https:\\\/\\\/cotecda.de\\\/en\\\/author\\\/cotecda\"}]}<\/script>\n<!-- \/ Yoast SEO plugin. -->","yoast_head_json":{"title":"EXPO REAL 2023 bietet der Branche Raum f\u00fcr Neuorientierung - Cotecda","description":"Quo vadis, Immobilienbranche? Zweifelsfrei eine der Fragen, auf die die Besucher der diesj\u00e4hrigen EXPO REAL Antworten suchten \u2013 und auch fanden.","robots":{"index":"index","follow":"follow","max-snippet":"max-snippet:-1","max-image-preview":"max-image-preview:large","max-video-preview":"max-video-preview:-1"},"canonical":"https:\/\/cotecda.de\/en\/expo-real-2023\/","og_locale":"en_US","og_type":"article","og_title":"EXPO REAL 2023 bietet der Branche Raum f\u00fcr Neuorientierung - Cotecda","og_description":"Quo vadis, Immobilienbranche? Zweifelsfrei eine der Fragen, auf die die Besucher der diesj\u00e4hrigen EXPO REAL Antworten suchten \u2013 und auch fanden.","og_url":"https:\/\/cotecda.de\/en\/expo-real-2023\/","og_site_name":"Cotecda","article_published_time":"2023-10-12T09:28:16+00:00","article_modified_time":"2023-10-12T09:28:18+00:00","og_image":[{"width":2560,"height":1718,"url":"https:\/\/cotecda.de\/wp-content\/uploads\/2023\/10\/exr_pr_2023_10_Eingang-scaled.jpg","type":"image\/jpeg"}],"author":"Cotecda","twitter_card":"summary_large_image","twitter_misc":{"Written by":"Cotecda","Est. reading time":"2 minutes"},"schema":{"@context":"https:\/\/schema.org","@graph":[{"@type":"Article","@id":"https:\/\/cotecda.de\/expo-real-2023#article","isPartOf":{"@id":"https:\/\/cotecda.de\/expo-real-2023"},"author":{"name":"Cotecda","@id":"https:\/\/cotecda.de\/#\/schema\/person\/1f0999284be9214f7aa9a36693655bdd"},"headline":"EXPO REAL 2023 bietet der Branche Raum f\u00fcr Neuorientierung","datePublished":"2023-10-12T09:28:16+00:00","dateModified":"2023-10-12T09:28:18+00:00","mainEntityOfPage":{"@id":"https:\/\/cotecda.de\/expo-real-2023"},"wordCount":241,"publisher":{"@id":"https:\/\/cotecda.de\/#organization"},"image":{"@id":"https:\/\/cotecda.de\/expo-real-2023#primaryimage"},"thumbnailUrl":"https:\/\/cotecda.de\/wp-content\/uploads\/2023\/10\/exr_pr_2023_10_Eingang-scaled.jpg","articleSection":["Cotecda"],"inLanguage":"en-US"},{"@type":"WebPage","@id":"https:\/\/cotecda.de\/expo-real-2023","url":"https:\/\/cotecda.de\/expo-real-2023","name":"EXPO REAL 2023 bietet der Branche Raum f\u00fcr Neuorientierung - Cotecda","isPartOf":{"@id":"https:\/\/cotecda.de\/#website"},"primaryImageOfPage":{"@id":"https:\/\/cotecda.de\/expo-real-2023#primaryimage"},"image":{"@id":"https:\/\/cotecda.de\/expo-real-2023#primaryimage"},"thumbnailUrl":"https:\/\/cotecda.de\/wp-content\/uploads\/2023\/10\/exr_pr_2023_10_Eingang-scaled.jpg","datePublished":"2023-10-12T09:28:16+00:00","dateModified":"2023-10-12T09:28:18+00:00","description":"Quo vadis, Immobilienbranche? Zweifelsfrei eine der Fragen, auf die die Besucher der diesj\u00e4hrigen EXPO REAL Antworten suchten \u2013 und auch fanden.","breadcrumb":{"@id":"https:\/\/cotecda.de\/expo-real-2023#breadcrumb"},"inLanguage":"en-US","potentialAction":[{"@type":"ReadAction","target":["https:\/\/cotecda.de\/expo-real-2023"]}]},{"@type":"ImageObject","inLanguage":"en-US","@id":"https:\/\/cotecda.de\/expo-real-2023#primaryimage","url":"https:\/\/cotecda.de\/wp-content\/uploads\/2023\/10\/exr_pr_2023_10_Eingang-scaled.jpg","contentUrl":"https:\/\/cotecda.de\/wp-content\/uploads\/2023\/10\/exr_pr_2023_10_Eingang-scaled.jpg","width":2560,"height":1718,"caption":"2023, EXPO REAL, Immobilien, Immobilienbranche, Immobilienwirtschaft, Internationale Fachmesse, Internationale Plattform, Investition, Messe M\u00fcnchen, Messegel\u00e4nde M\u00fcnchen, M\u00fcnchen, Oktober 2023, Tag 1, Thomas Plettenberg"},{"@type":"BreadcrumbList","@id":"https:\/\/cotecda.de\/expo-real-2023#breadcrumb","itemListElement":[{"@type":"ListItem","position":1,"name":"Startseite","item":"https:\/\/cotecda.de\/"},{"@type":"ListItem","position":2,"name":"EXPO REAL 2023 bietet der Branche Raum f\u00fcr Neuorientierung"}]},{"@type":"WebSite","@id":"https:\/\/cotecda.de\/#website","url":"https:\/\/cotecda.de\/","name":"Cotecda","description":"Real Estate Support","publisher":{"@id":"https:\/\/cotecda.de\/#organization"},"potentialAction":[{"@type":"SearchAction","target":{"@type":"EntryPoint","urlTemplate":"https:\/\/cotecda.de\/?s={search_term_string}"},"query-input":{"@type":"PropertyValueSpecification","valueRequired":true,"valueName":"search_term_string"}}],"inLanguage":"en-US"},{"@type":"Organization","@id":"https:\/\/cotecda.de\/#organization","name":"Cotecda","url":"https:\/\/cotecda.de\/","logo":{"@type":"ImageObject","inLanguage":"en-US","@id":"https:\/\/cotecda.de\/#\/schema\/logo\/image\/","url":"https:\/\/cotecda.de\/wp-content\/uploads\/2022\/01\/cropped-Cotecda_RES.png","contentUrl":"https:\/\/cotecda.de\/wp-content\/uploads\/2022\/01\/cropped-Cotecda_RES.png","width":1327,"height":500,"caption":"Cotecda"},"image":{"@id":"https:\/\/cotecda.de\/#\/schema\/logo\/image\/"}},{"@type":"Person","@id":"https:\/\/cotecda.de\/#\/schema\/person\/1f0999284be9214f7aa9a36693655bdd","name":"Cotecda","url":"https:\/\/cotecda.de\/en\/author\/cotecda"}]}},"_links":{"self":[{"href":"https:\/\/cotecda.de\/en\/wp-json\/wp\/v2\/posts\/3846","targetHints":{"allow":["GET"]}}],"collection":[{"href":"https:\/\/cotecda.de\/en\/wp-json\/wp\/v2\/posts"}],"about":[{"href":"https:\/\/cotecda.de\/en\/wp-json\/wp\/v2\/types\/post"}],"author":[{"embeddable":true,"href":"https:\/\/cotecda.de\/en\/wp-json\/wp\/v2\/users\/1"}],"replies":[{"embeddable":true,"href":"https:\/\/cotecda.de\/en\/wp-json\/wp\/v2\/comments?post=3846"}],"version-history":[{"count":1,"href":"https:\/\/cotecda.de\/en\/wp-json\/wp\/v2\/posts\/3846\/revisions"}],"predecessor-version":[{"id":3848,"href":"https:\/\/cotecda.de\/en\/wp-json\/wp\/v2\/posts\/3846\/revisions\/3848"}],"wp:featuredmedia":[{"embeddable":true,"href":"https:\/\/cotecda.de\/en\/wp-json\/wp\/v2\/media\/3847"}],"wp:attachment":[{"href":"https:\/\/cotecda.de\/en\/wp-json\/wp\/v2\/media?parent=3846"}],"wp:term":[{"taxonomy":"category","embeddable":true,"href":"https:\/\/cotecda.de\/en\/wp-json\/wp\/v2\/categories?post=3846"},{"taxonomy":"post_tag","embeddable":true,"href":"https:\/\/cotecda.de\/en\/wp-json\/wp\/v2\/tags?post=3846"}],"curies":[{"name":"wp","href":"https:\/\/api.w.org\/{rel}","templated":true}]}}