{"id":191,"date":"2019-10-05T04:12:33","date_gmt":"2019-10-05T04:12:33","guid":{"rendered":"https:\/\/cotecda.de\/?p=191"},"modified":"2023-06-27T15:03:34","modified_gmt":"2023-06-27T15:03:34","slug":"unternehmensgruendung-cotecda","status":"publish","type":"post","link":"https:\/\/cotecda.de\/en\/unternehmensgruendung-cotecda","title":{"rendered":"Carsten Wesner founds his own real estate company with Cotecda GmbH"},"content":{"rendered":"<p><strong>Carsten Wesner<\/strong> (54), previously responsible as Managing Director at OTTO\nHEIL Immobilien, is launching his newly founded company just in time for EXPO REAL 2019.<\/p>\n\n\n\n<p>The Frankfurt-based company operates under the name \u201cCotecda GmbH - Real Estate Support\u201d and offers real estate management solutions for investors and service providers who have content- and resource-dependent requirements in the context of change processes (loss or gain of organizations, personnel and\/or real estate).<\/p>\n\n\n\n<p>With the founding of Cotecda GmbH, Carsten Wesner has succeeded\nWesner has succeeded in bringing together real estate professionals with decades of\nprofessional experience. Cotecda thus combines the expertise of almost all real estate focal points and industry-specific IT systems.<\/p>","protected":false},"excerpt":{"rendered":"<p>Carsten Wesner (54), bisher in der Verantwortung als Gesch\u00e4ftsf\u00fchrer bei OTTO HEIL Immobilien, geht p\u00fcnktlich zur EXPO REAL 2019 mit seinem neu gegr\u00fcndeten Unternehmen an den Markt. Die Gesellschaft mit Sitz in Frankfurt | Main firmiert unter dem Namen \u201eCotecda GmbH \u2013 Real Estate Support\u201c und bietet immobilienwirtschaftliche L\u00f6sungen f\u00fcr Investoren und Dienstleister an, die [&hellip;]<\/p>\n","protected":false},"author":1,"featured_media":306,"comment_status":"closed","ping_status":"open","sticky":false,"template":"","format":"standard","meta":{"site-sidebar-layout":"no-sidebar","site-content-layout":"default","ast-site-content-layout":"default","site-content-style":"default","site-sidebar-style":"default","ast-global-header-display":"","ast-banner-title-visibility":"","ast-main-header-display":"","ast-hfb-above-header-display":"","ast-hfb-below-header-display":"","ast-hfb-mobile-header-display":"","site-post-title":"","ast-breadcrumbs-content":"","ast-featured-img":"","footer-sml-layout":"","theme-transparent-header-meta":"default","adv-header-id-meta":"","stick-header-meta":"","header-above-stick-meta":"","header-main-stick-meta":"","header-below-stick-meta":"","astra-migrate-meta-layouts":"default","ast-page-background-enabled":"default","ast-page-background-meta":{"desktop":{"background-color":"","background-image":"","background-repeat":"repeat","background-position":"center center","background-size":"auto","background-attachment":"scroll","background-type":"","background-media":"","overlay-type":"","overlay-color":"","overlay-opacity":"","overlay-gradient":""},"tablet":{"background-color":"","background-image":"","background-repeat":"repeat","background-position":"center center","background-size":"auto","background-attachment":"scroll","background-type":"","background-media":"","overlay-type":"","overlay-color":"","overlay-opacity":"","overlay-gradient":""},"mobile":{"background-color":"","background-image":"","background-repeat":"repeat","background-position":"center center","background-size":"auto","background-attachment":"scroll","background-type":"","background-media":"","overlay-type":"","overlay-color":"","overlay-opacity":"","overlay-gradient":""}},"ast-content-background-meta":{"desktop":{"background-color":"var(--ast-global-color-5)","background-image":"","background-repeat":"repeat","background-position":"center center","background-size":"auto","background-attachment":"scroll","background-type":"","background-media":"","overlay-type":"","overlay-color":"","overlay-opacity":"","overlay-gradient":""},"tablet":{"background-color":"var(--ast-global-color-5)","background-image":"","background-repeat":"repeat","background-position":"center center","background-size":"auto","background-attachment":"scroll","background-type":"","background-media":"","overlay-type":"","overlay-color":"","overlay-opacity":"","overlay-gradient":""},"mobile":{"background-color":"var(--ast-global-color-5)","background-image":"","background-repeat":"repeat","background-position":"center center","background-size":"auto","background-attachment":"scroll","background-type":"","background-media":"","overlay-type":"","overlay-color":"","overlay-opacity":"","overlay-gradient":""}},"footnotes":""},"categories":[1],"tags":[],"class_list":["post-191","post","type-post","status-publish","format-standard","has-post-thumbnail","hentry","category-cotecda"],"yoast_head":"<!-- This site is optimized with the Yoast SEO plugin v27.4 - https:\/\/yoast.com\/product\/yoast-seo-wordpress\/ -->\n<title>Carsten Wesner gr\u00fcndet mit Cotecda GmbH eigenes Immobilien-Unternehmen - Cotecda<\/title>\n<meta name=\"robots\" content=\"index, follow, max-snippet:-1, max-image-preview:large, max-video-preview:-1\" \/>\n<link rel=\"canonical\" href=\"https:\/\/cotecda.de\/en\/unternehmensgruendung-cotecda\/\" \/>\n<meta property=\"og:locale\" content=\"en_US\" \/>\n<meta property=\"og:type\" content=\"article\" \/>\n<meta property=\"og:title\" content=\"Carsten Wesner gr\u00fcndet mit Cotecda GmbH eigenes Immobilien-Unternehmen - Cotecda\" \/>\n<meta property=\"og:description\" content=\"Carsten Wesner (54), bisher in der Verantwortung als Gesch\u00e4ftsf\u00fchrer bei OTTO HEIL Immobilien, geht p\u00fcnktlich zur EXPO REAL 2019 mit seinem neu gegr\u00fcndeten Unternehmen an den Markt. Die Gesellschaft mit Sitz in Frankfurt | Main firmiert unter dem Namen \u201eCotecda GmbH \u2013 Real Estate Support\u201c und bietet immobilienwirtschaftliche L\u00f6sungen f\u00fcr Investoren und Dienstleister an, die [&hellip;]\" \/>\n<meta property=\"og:url\" content=\"https:\/\/cotecda.de\/en\/unternehmensgruendung-cotecda\/\" \/>\n<meta property=\"og:site_name\" content=\"Cotecda\" \/>\n<meta property=\"article:published_time\" content=\"2019-10-05T04:12:33+00:00\" \/>\n<meta property=\"article:modified_time\" content=\"2023-06-27T15:03:34+00:00\" \/>\n<meta property=\"og:image\" content=\"https:\/\/cotecda.de\/wp-content\/uploads\/2019\/10\/Cotecda-Launch-623602904-1.jpg\" \/>\n\t<meta property=\"og:image:width\" content=\"1500\" \/>\n\t<meta property=\"og:image:height\" content=\"492\" \/>\n\t<meta property=\"og:image:type\" content=\"image\/jpeg\" \/>\n<meta name=\"author\" content=\"Cotecda\" \/>\n<meta name=\"twitter:card\" content=\"summary_large_image\" \/>\n<meta name=\"twitter:label1\" content=\"Written by\" \/>\n\t<meta name=\"twitter:data1\" content=\"Cotecda\" \/>\n\t<meta name=\"twitter:label2\" content=\"Est. reading time\" \/>\n\t<meta name=\"twitter:data2\" content=\"1 minute\" \/>\n<script type=\"application\/ld+json\" class=\"yoast-schema-graph\">{\"@context\":\"https:\\\/\\\/schema.org\",\"@graph\":[{\"@type\":\"Article\",\"@id\":\"https:\\\/\\\/cotecda.de\\\/unternehmensgruendung-cotecda#article\",\"isPartOf\":{\"@id\":\"https:\\\/\\\/cotecda.de\\\/unternehmensgruendung-cotecda\"},\"author\":{\"name\":\"Cotecda\",\"@id\":\"https:\\\/\\\/cotecda.de\\\/#\\\/schema\\\/person\\\/1f0999284be9214f7aa9a36693655bdd\"},\"headline\":\"Carsten Wesner gr\u00fcndet mit Cotecda GmbH eigenes Immobilien-Unternehmen\",\"datePublished\":\"2019-10-05T04:12:33+00:00\",\"dateModified\":\"2023-06-27T15:03:34+00:00\",\"mainEntityOfPage\":{\"@id\":\"https:\\\/\\\/cotecda.de\\\/unternehmensgruendung-cotecda\"},\"wordCount\":115,\"publisher\":{\"@id\":\"https:\\\/\\\/cotecda.de\\\/#organization\"},\"image\":{\"@id\":\"https:\\\/\\\/cotecda.de\\\/unternehmensgruendung-cotecda#primaryimage\"},\"thumbnailUrl\":\"https:\\\/\\\/cotecda.de\\\/wp-content\\\/uploads\\\/2019\\\/10\\\/Cotecda-Launch-623602904-1.jpg\",\"articleSection\":[\"Cotecda\"],\"inLanguage\":\"en-US\"},{\"@type\":\"WebPage\",\"@id\":\"https:\\\/\\\/cotecda.de\\\/unternehmensgruendung-cotecda\",\"url\":\"https:\\\/\\\/cotecda.de\\\/unternehmensgruendung-cotecda\",\"name\":\"Carsten Wesner gr\u00fcndet mit Cotecda GmbH eigenes Immobilien-Unternehmen - Cotecda\",\"isPartOf\":{\"@id\":\"https:\\\/\\\/cotecda.de\\\/#website\"},\"primaryImageOfPage\":{\"@id\":\"https:\\\/\\\/cotecda.de\\\/unternehmensgruendung-cotecda#primaryimage\"},\"image\":{\"@id\":\"https:\\\/\\\/cotecda.de\\\/unternehmensgruendung-cotecda#primaryimage\"},\"thumbnailUrl\":\"https:\\\/\\\/cotecda.de\\\/wp-content\\\/uploads\\\/2019\\\/10\\\/Cotecda-Launch-623602904-1.jpg\",\"datePublished\":\"2019-10-05T04:12:33+00:00\",\"dateModified\":\"2023-06-27T15:03:34+00:00\",\"breadcrumb\":{\"@id\":\"https:\\\/\\\/cotecda.de\\\/unternehmensgruendung-cotecda#breadcrumb\"},\"inLanguage\":\"en-US\",\"potentialAction\":[{\"@type\":\"ReadAction\",\"target\":[\"https:\\\/\\\/cotecda.de\\\/unternehmensgruendung-cotecda\"]}]},{\"@type\":\"ImageObject\",\"inLanguage\":\"en-US\",\"@id\":\"https:\\\/\\\/cotecda.de\\\/unternehmensgruendung-cotecda#primaryimage\",\"url\":\"https:\\\/\\\/cotecda.de\\\/wp-content\\\/uploads\\\/2019\\\/10\\\/Cotecda-Launch-623602904-1.jpg\",\"contentUrl\":\"https:\\\/\\\/cotecda.de\\\/wp-content\\\/uploads\\\/2019\\\/10\\\/Cotecda-Launch-623602904-1.jpg\",\"width\":1500,\"height\":492,\"caption\":\"Cotecda Real Estate Support Unternehmensgr\u00fcndung\"},{\"@type\":\"BreadcrumbList\",\"@id\":\"https:\\\/\\\/cotecda.de\\\/unternehmensgruendung-cotecda#breadcrumb\",\"itemListElement\":[{\"@type\":\"ListItem\",\"position\":1,\"name\":\"Startseite\",\"item\":\"https:\\\/\\\/cotecda.de\\\/\"},{\"@type\":\"ListItem\",\"position\":2,\"name\":\"Carsten Wesner gr\u00fcndet mit Cotecda GmbH eigenes Immobilien-Unternehmen\"}]},{\"@type\":\"WebSite\",\"@id\":\"https:\\\/\\\/cotecda.de\\\/#website\",\"url\":\"https:\\\/\\\/cotecda.de\\\/\",\"name\":\"Cotecda\",\"description\":\"Real Estate Support\",\"publisher\":{\"@id\":\"https:\\\/\\\/cotecda.de\\\/#organization\"},\"potentialAction\":[{\"@type\":\"SearchAction\",\"target\":{\"@type\":\"EntryPoint\",\"urlTemplate\":\"https:\\\/\\\/cotecda.de\\\/?s={search_term_string}\"},\"query-input\":{\"@type\":\"PropertyValueSpecification\",\"valueRequired\":true,\"valueName\":\"search_term_string\"}}],\"inLanguage\":\"en-US\"},{\"@type\":\"Organization\",\"@id\":\"https:\\\/\\\/cotecda.de\\\/#organization\",\"name\":\"Cotecda\",\"url\":\"https:\\\/\\\/cotecda.de\\\/\",\"logo\":{\"@type\":\"ImageObject\",\"inLanguage\":\"en-US\",\"@id\":\"https:\\\/\\\/cotecda.de\\\/#\\\/schema\\\/logo\\\/image\\\/\",\"url\":\"https:\\\/\\\/cotecda.de\\\/wp-content\\\/uploads\\\/2022\\\/01\\\/cropped-Cotecda_RES.png\",\"contentUrl\":\"https:\\\/\\\/cotecda.de\\\/wp-content\\\/uploads\\\/2022\\\/01\\\/cropped-Cotecda_RES.png\",\"width\":1327,\"height\":500,\"caption\":\"Cotecda\"},\"image\":{\"@id\":\"https:\\\/\\\/cotecda.de\\\/#\\\/schema\\\/logo\\\/image\\\/\"}},{\"@type\":\"Person\",\"@id\":\"https:\\\/\\\/cotecda.de\\\/#\\\/schema\\\/person\\\/1f0999284be9214f7aa9a36693655bdd\",\"name\":\"Cotecda\",\"url\":\"https:\\\/\\\/cotecda.de\\\/en\\\/author\\\/cotecda\"}]}<\/script>\n<!-- \/ Yoast SEO plugin. -->","yoast_head_json":{"title":"Carsten Wesner gr\u00fcndet mit Cotecda GmbH eigenes Immobilien-Unternehmen - Cotecda","robots":{"index":"index","follow":"follow","max-snippet":"max-snippet:-1","max-image-preview":"max-image-preview:large","max-video-preview":"max-video-preview:-1"},"canonical":"https:\/\/cotecda.de\/en\/unternehmensgruendung-cotecda\/","og_locale":"en_US","og_type":"article","og_title":"Carsten Wesner gr\u00fcndet mit Cotecda GmbH eigenes Immobilien-Unternehmen - Cotecda","og_description":"Carsten Wesner (54), bisher in der Verantwortung als Gesch\u00e4ftsf\u00fchrer bei OTTO HEIL Immobilien, geht p\u00fcnktlich zur EXPO REAL 2019 mit seinem neu gegr\u00fcndeten Unternehmen an den Markt. Die Gesellschaft mit Sitz in Frankfurt | Main firmiert unter dem Namen \u201eCotecda GmbH \u2013 Real Estate Support\u201c und bietet immobilienwirtschaftliche L\u00f6sungen f\u00fcr Investoren und Dienstleister an, die [&hellip;]","og_url":"https:\/\/cotecda.de\/en\/unternehmensgruendung-cotecda\/","og_site_name":"Cotecda","article_published_time":"2019-10-05T04:12:33+00:00","article_modified_time":"2023-06-27T15:03:34+00:00","og_image":[{"width":1500,"height":492,"url":"https:\/\/cotecda.de\/wp-content\/uploads\/2019\/10\/Cotecda-Launch-623602904-1.jpg","type":"image\/jpeg"}],"author":"Cotecda","twitter_card":"summary_large_image","twitter_misc":{"Written by":"Cotecda","Est. reading time":"1 minute"},"schema":{"@context":"https:\/\/schema.org","@graph":[{"@type":"Article","@id":"https:\/\/cotecda.de\/unternehmensgruendung-cotecda#article","isPartOf":{"@id":"https:\/\/cotecda.de\/unternehmensgruendung-cotecda"},"author":{"name":"Cotecda","@id":"https:\/\/cotecda.de\/#\/schema\/person\/1f0999284be9214f7aa9a36693655bdd"},"headline":"Carsten Wesner gr\u00fcndet mit Cotecda GmbH eigenes Immobilien-Unternehmen","datePublished":"2019-10-05T04:12:33+00:00","dateModified":"2023-06-27T15:03:34+00:00","mainEntityOfPage":{"@id":"https:\/\/cotecda.de\/unternehmensgruendung-cotecda"},"wordCount":115,"publisher":{"@id":"https:\/\/cotecda.de\/#organization"},"image":{"@id":"https:\/\/cotecda.de\/unternehmensgruendung-cotecda#primaryimage"},"thumbnailUrl":"https:\/\/cotecda.de\/wp-content\/uploads\/2019\/10\/Cotecda-Launch-623602904-1.jpg","articleSection":["Cotecda"],"inLanguage":"en-US"},{"@type":"WebPage","@id":"https:\/\/cotecda.de\/unternehmensgruendung-cotecda","url":"https:\/\/cotecda.de\/unternehmensgruendung-cotecda","name":"Carsten Wesner gr\u00fcndet mit Cotecda GmbH eigenes Immobilien-Unternehmen - Cotecda","isPartOf":{"@id":"https:\/\/cotecda.de\/#website"},"primaryImageOfPage":{"@id":"https:\/\/cotecda.de\/unternehmensgruendung-cotecda#primaryimage"},"image":{"@id":"https:\/\/cotecda.de\/unternehmensgruendung-cotecda#primaryimage"},"thumbnailUrl":"https:\/\/cotecda.de\/wp-content\/uploads\/2019\/10\/Cotecda-Launch-623602904-1.jpg","datePublished":"2019-10-05T04:12:33+00:00","dateModified":"2023-06-27T15:03:34+00:00","breadcrumb":{"@id":"https:\/\/cotecda.de\/unternehmensgruendung-cotecda#breadcrumb"},"inLanguage":"en-US","potentialAction":[{"@type":"ReadAction","target":["https:\/\/cotecda.de\/unternehmensgruendung-cotecda"]}]},{"@type":"ImageObject","inLanguage":"en-US","@id":"https:\/\/cotecda.de\/unternehmensgruendung-cotecda#primaryimage","url":"https:\/\/cotecda.de\/wp-content\/uploads\/2019\/10\/Cotecda-Launch-623602904-1.jpg","contentUrl":"https:\/\/cotecda.de\/wp-content\/uploads\/2019\/10\/Cotecda-Launch-623602904-1.jpg","width":1500,"height":492,"caption":"Cotecda Real Estate Support Unternehmensgr\u00fcndung"},{"@type":"BreadcrumbList","@id":"https:\/\/cotecda.de\/unternehmensgruendung-cotecda#breadcrumb","itemListElement":[{"@type":"ListItem","position":1,"name":"Startseite","item":"https:\/\/cotecda.de\/"},{"@type":"ListItem","position":2,"name":"Carsten Wesner gr\u00fcndet mit Cotecda GmbH eigenes Immobilien-Unternehmen"}]},{"@type":"WebSite","@id":"https:\/\/cotecda.de\/#website","url":"https:\/\/cotecda.de\/","name":"Cotecda","description":"Real Estate Support","publisher":{"@id":"https:\/\/cotecda.de\/#organization"},"potentialAction":[{"@type":"SearchAction","target":{"@type":"EntryPoint","urlTemplate":"https:\/\/cotecda.de\/?s={search_term_string}"},"query-input":{"@type":"PropertyValueSpecification","valueRequired":true,"valueName":"search_term_string"}}],"inLanguage":"en-US"},{"@type":"Organization","@id":"https:\/\/cotecda.de\/#organization","name":"Cotecda","url":"https:\/\/cotecda.de\/","logo":{"@type":"ImageObject","inLanguage":"en-US","@id":"https:\/\/cotecda.de\/#\/schema\/logo\/image\/","url":"https:\/\/cotecda.de\/wp-content\/uploads\/2022\/01\/cropped-Cotecda_RES.png","contentUrl":"https:\/\/cotecda.de\/wp-content\/uploads\/2022\/01\/cropped-Cotecda_RES.png","width":1327,"height":500,"caption":"Cotecda"},"image":{"@id":"https:\/\/cotecda.de\/#\/schema\/logo\/image\/"}},{"@type":"Person","@id":"https:\/\/cotecda.de\/#\/schema\/person\/1f0999284be9214f7aa9a36693655bdd","name":"Cotecda","url":"https:\/\/cotecda.de\/en\/author\/cotecda"}]}},"_links":{"self":[{"href":"https:\/\/cotecda.de\/en\/wp-json\/wp\/v2\/posts\/191","targetHints":{"allow":["GET"]}}],"collection":[{"href":"https:\/\/cotecda.de\/en\/wp-json\/wp\/v2\/posts"}],"about":[{"href":"https:\/\/cotecda.de\/en\/wp-json\/wp\/v2\/types\/post"}],"author":[{"embeddable":true,"href":"https:\/\/cotecda.de\/en\/wp-json\/wp\/v2\/users\/1"}],"replies":[{"embeddable":true,"href":"https:\/\/cotecda.de\/en\/wp-json\/wp\/v2\/comments?post=191"}],"version-history":[{"count":4,"href":"https:\/\/cotecda.de\/en\/wp-json\/wp\/v2\/posts\/191\/revisions"}],"predecessor-version":[{"id":3458,"href":"https:\/\/cotecda.de\/en\/wp-json\/wp\/v2\/posts\/191\/revisions\/3458"}],"wp:featuredmedia":[{"embeddable":true,"href":"https:\/\/cotecda.de\/en\/wp-json\/wp\/v2\/media\/306"}],"wp:attachment":[{"href":"https:\/\/cotecda.de\/en\/wp-json\/wp\/v2\/media?parent=191"}],"wp:term":[{"taxonomy":"category","embeddable":true,"href":"https:\/\/cotecda.de\/en\/wp-json\/wp\/v2\/categories?post=191"},{"taxonomy":"post_tag","embeddable":true,"href":"https:\/\/cotecda.de\/en\/wp-json\/wp\/v2\/tags?post=191"}],"curies":[{"name":"wp","href":"https:\/\/api.w.org\/{rel}","templated":true}]}}